{"id":1343,"date":"2025-09-23T11:08:19","date_gmt":"2025-09-23T09:08:19","guid":{"rendered":"https:\/\/fumoir-angoulins.fr\/?p=1343"},"modified":"2025-09-23T11:20:51","modified_gmt":"2025-09-23T09:20:51","slug":"reouverture-du-marche-de-la-rochelle","status":"publish","type":"post","link":"https:\/\/fumoir-angoulins.fr\/index.php\/2025\/09\/23\/reouverture-du-marche-de-la-rochelle\/","title":{"rendered":"R\u00e9ouverture du March\u00e9 de La Rochelle"},"content":{"rendered":"\n<p>La reprise du march\u00e9 de La Rochelle centre vous permet de nous retrouver les mercredi et samedi matin, \u00e0 notre stand rue du Pas du Minage, (face \u00e0 la halle) dans notre petite caravane blanche \ud83d\ude42<\/p>\n\n\n\n<p>Actuellement nous vous proposons : <\/p>\n\n\n\n<p><strong>Des fumaisons de p\u00eache ultra-locale<\/strong> : maquereau, mulet sauteur, maigre, daurade grise &amp; rillettes de maquereaux fum\u00e9s au sumac.<\/p>\n\n\n\n<p><strong>Des fumaisons de p\u00eache nordique<\/strong> : saumon du Danemark, rillettes de saumon fum\u00e9 et tarama fait maison<\/p>\n\n\n\n<p><strong>Algues de la Pointe du Chay<\/strong> : algomasio d&rsquo;algue nori et dulse fraiche sont dispo \ud83d\ude42<\/p>\n\n\n\n<p>.La cabane est ouverte pour la vente directe les matins du lundi, mardi, jeudi, vendredi. N&rsquo;h\u00e9sitez pas \u00e0 prendre rendez-vous avec nous pour vous permettre d&rsquo;avoir acc\u00e8s \u00e0 nos produits en dehors de ces propositions<\/p>\n\n\n\n<ul class=\"wp-block-list\">\n<li>Nous disparaitrons aux vacances de la Toussaint (du 19 octobre au 3 novembre) pour mieux vous retrouver pour pr\u00e9parer No\u00ebl, <\/li>\n\n\n\n<li>si d&rsquo;ici l\u00e0 vous avez besoin, prenez vos pr\u00e9cautions pour ne pas manquer ^.^ !!<\/li>\n<\/ul>\n","protected":false},"excerpt":{"rendered":"<p>La reprise du march\u00e9 de La Rochelle centre vous permet de nous retrouver les mercredi et samedi matin, \u00e0 notre stand rue du Pas du Minage, (face \u00e0 la halle) dans notre petite caravane blanche \ud83d\ude42 Actuellement nous vous proposons : Des fumaisons de p\u00eache ultra-locale : maquereau, mulet sauteur, maigre, daurade grise &amp; rillettes [&hellip;]<\/p>\n","protected":false},"author":1,"featured_media":417,"comment_status":"open","ping_status":"open","sticky":false,"template":"","format":"standard","meta":{"advanced_seo_description":"","jetpack_seo_html_title":"","jetpack_seo_noindex":false,"_jetpack_memberships_contains_paid_content":false,"footnotes":""},"categories":[19,39],"tags":[],"class_list":["post-1343","post","type-post","status-publish","format-standard","has-post-thumbnail","hentry","category-boutique","category-jour-de-marche"],"jetpack_featured_media_url":"https:\/\/fumoir-angoulins.fr\/wp-content\/uploads\/2024\/01\/cropped-FUMOIR_ANGOULINS_ID1-1.jpg","jetpack_sharing_enabled":true,"_links":{"self":[{"href":"https:\/\/fumoir-angoulins.fr\/index.php\/wp-json\/wp\/v2\/posts\/1343","targetHints":{"allow":["GET"]}}],"collection":[{"href":"https:\/\/fumoir-angoulins.fr\/index.php\/wp-json\/wp\/v2\/posts"}],"about":[{"href":"https:\/\/fumoir-angoulins.fr\/index.php\/wp-json\/wp\/v2\/types\/post"}],"author":[{"embeddable":true,"href":"https:\/\/fumoir-angoulins.fr\/index.php\/wp-json\/wp\/v2\/users\/1"}],"replies":[{"embeddable":true,"href":"https:\/\/fumoir-angoulins.fr\/index.php\/wp-json\/wp\/v2\/comments?post=1343"}],"version-history":[{"count":5,"href":"https:\/\/fumoir-angoulins.fr\/index.php\/wp-json\/wp\/v2\/posts\/1343\/revisions"}],"predecessor-version":[{"id":1348,"href":"https:\/\/fumoir-angoulins.fr\/index.php\/wp-json\/wp\/v2\/posts\/1343\/revisions\/1348"}],"wp:featuredmedia":[{"embeddable":true,"href":"https:\/\/fumoir-angoulins.fr\/index.php\/wp-json\/wp\/v2\/media\/417"}],"wp:attachment":[{"href":"https:\/\/fumoir-angoulins.fr\/index.php\/wp-json\/wp\/v2\/media?parent=1343"}],"wp:term":[{"taxonomy":"category","embeddable":true,"href":"https:\/\/fumoir-angoulins.fr\/index.php\/wp-json\/wp\/v2\/categories?post=1343"},{"taxonomy":"post_tag","embeddable":true,"href":"https:\/\/fumoir-angoulins.fr\/index.php\/wp-json\/wp\/v2\/tags?post=1343"}],"curies":[{"name":"wp","href":"https:\/\/api.w.org\/{rel}","templated":true}]}}